{"id":954,"date":"2023-06-07T07:25:41","date_gmt":"2023-06-07T07:25:41","guid":{"rendered":"https:\/\/conver-autoadhesivos.com\/blog\/?p=954"},"modified":"2023-06-20T13:07:18","modified_gmt":"2023-06-20T13:07:18","slug":"nos-vemos-en-organic-food-iberia","status":"publish","type":"post","link":"https:\/\/conver-autoadhesivos.com\/blog\/nos-vemos-en-organic-food-iberia\/","title":{"rendered":"Nos vemos en Organic Food Iberia"},"content":{"rendered":"<p><img loading=\"lazy\" class=\"aligncenter size-full wp-image-955\" src=\"https:\/\/conver-autoadhesivos.com\/blog\/wp-content\/uploads\/2023\/06\/CONVER-IFEMA.jpg\" alt=\"\" width=\"850\" height=\"850\" srcset=\"https:\/\/conver-autoadhesivos.com\/blog\/wp-content\/uploads\/2023\/06\/CONVER-IFEMA.jpg 850w, https:\/\/conver-autoadhesivos.com\/blog\/wp-content\/uploads\/2023\/06\/CONVER-IFEMA-300x300.jpg 300w, https:\/\/conver-autoadhesivos.com\/blog\/wp-content\/uploads\/2023\/06\/CONVER-IFEMA-150x150.jpg 150w, https:\/\/conver-autoadhesivos.com\/blog\/wp-content\/uploads\/2023\/06\/CONVER-IFEMA-768x768.jpg 768w\" sizes=\"(max-width: 850px) 100vw, 850px\" \/><br \/>\n<strong>El equipo de Conver estar\u00e1 presente esta semana en Organic Food Iberia, la feria internacional referente del sector ecol\u00f3gico.<\/strong><br \/>\nHoy 7 de junio y ma\u00f1ana 8, <a href=\"https:\/\/www.ifema.es\/\" target=\"_blank\" rel=\"noopener\">IFEMA<\/a> Madrid acoger\u00e1 la cuarta edici\u00f3n reuniendo a las principales cadenas de alimentaci\u00f3n, mayoristas, minoristas, supermercados, distribuidores, restaurantes, adem\u00e1s de un sinf\u00edn de fabricantes de productos ecol\u00f3gicos de alimentaci\u00f3n, cuidado de la salud\/belleza, decoraci\u00f3n, productos del hogar,\u2026<\/p>\n<p>Organic Food Iberia, un evento multidisciplinar y con visi\u00f3n internacional, centrado en el importante sector ecol\u00f3gico, que es la prioridad para cualquier empresa actual.<\/p>\n<p>Dos d\u00edas para compartir con nuestros clientes y colaboradores las \u00faltimas tendencias del ECOpackaging en la alimentaci\u00f3n y productos de gran consumo.<\/p>\n<p><strong>La fabricaci\u00f3n de productos ecol\u00f3gicos con etiquetas y packs sostenibles ya no es s\u00f3lo una gama espec\u00edfica para cualquier fabricante o distribuidor, <\/strong><strong>es un compromiso global que debe estar reflejado en todos sus productos y en su forma de trabajar, sea cual sea su sector.<\/strong><\/p>\n<p>Un compromiso ecol\u00f3gico donde las empresas visualizan las grandes ventajas que ofrece la<strong><a href=\"https:\/\/conver-autoadhesivos.com\/etiquetas-linerless\/es\/\"> etiqueta Linerless<\/a><\/strong> para bandejas de alimentaci\u00f3n y los <a href=\"https:\/\/etiquetaslinerless.com\/etiquetas-linerless-para-balanzas-impresoras-termicas\/\">Rollos t\u00e9rmicos Linerless<\/a>, cada vez m\u00e1s habituales en impresoras y balanzas de plataformas log\u00edsticas, pescader\u00edas y supermercados.<\/p>\n<p><strong>Etiquetas sin papel soporte, nuestro mejor papel en el medioambiente.<\/strong><\/p>\n","protected":false},"excerpt":{"rendered":"<p>El equipo de Conver estar\u00e1 presente esta semana en Organic Food Iberia, la feria internacional referente del sector ecol\u00f3gico. Hoy 7 de junio y ma\u00f1ana [&hellip;]<\/p>\n","protected":false},"author":1,"featured_media":955,"comment_status":"closed","ping_status":"open","sticky":false,"template":"","format":"standard","meta":[],"categories":[3],"tags":[],"_links":{"self":[{"href":"https:\/\/conver-autoadhesivos.com\/blog\/wp-json\/wp\/v2\/posts\/954"}],"collection":[{"href":"https:\/\/conver-autoadhesivos.com\/blog\/wp-json\/wp\/v2\/posts"}],"about":[{"href":"https:\/\/conver-autoadhesivos.com\/blog\/wp-json\/wp\/v2\/types\/post"}],"author":[{"embeddable":true,"href":"https:\/\/conver-autoadhesivos.com\/blog\/wp-json\/wp\/v2\/users\/1"}],"replies":[{"embeddable":true,"href":"https:\/\/conver-autoadhesivos.com\/blog\/wp-json\/wp\/v2\/comments?post=954"}],"version-history":[{"count":9,"href":"https:\/\/conver-autoadhesivos.com\/blog\/wp-json\/wp\/v2\/posts\/954\/revisions"}],"predecessor-version":[{"id":965,"href":"https:\/\/conver-autoadhesivos.com\/blog\/wp-json\/wp\/v2\/posts\/954\/revisions\/965"}],"wp:featuredmedia":[{"embeddable":true,"href":"https:\/\/conver-autoadhesivos.com\/blog\/wp-json\/wp\/v2\/media\/955"}],"wp:attachment":[{"href":"https:\/\/conver-autoadhesivos.com\/blog\/wp-json\/wp\/v2\/media?parent=954"}],"wp:term":[{"taxonomy":"category","embeddable":true,"href":"https:\/\/conver-autoadhesivos.com\/blog\/wp-json\/wp\/v2\/categories?post=954"},{"taxonomy":"post_tag","embeddable":true,"href":"https:\/\/conver-autoadhesivos.com\/blog\/wp-json\/wp\/v2\/tags?post=954"}],"curies":[{"name":"wp","href":"https:\/\/api.w.org\/{rel}","templated":true}]}}